{"id":6399,"date":"2013-10-08T20:44:25","date_gmt":"2013-10-08T18:44:25","guid":{"rendered":"https:\/\/brygny.2th.dk\/?p=6399"},"modified":"2025-03-08T17:17:59","modified_gmt":"2025-03-08T16:17:59","slug":"thisted-bryghus-satser-mere-paa-oekologisk-oel","status":"publish","type":"post","link":"https:\/\/bryg.2th.dk\/?p=6399","title":{"rendered":"Thisted Bryghus satser mere p\u00e5 \u00f8kologisk \u00f8l"},"content":{"rendered":"<h1 id=\"access-content\" class=\"heading-xxxlarge\">Thisted Bryghus satser mere p\u00e5 \u00f8kologisk \u00f8l<\/h3>\n<hr>\n<p><em>08-10-2013 DR Midt &amp; Vest:<\/em><\/p>\n<p style=\"text-align: justify;\">Stigende interesse for \u00f8kologisk \u00f8l f\u00e5r Thisted Bryghus til at satse p\u00e5 flere \u00f8kologiske varianter.<\/p>\n<p style=\"text-align: justify;\">Alene i \u00e5r er tre nye \u00f8kologiske \u00f8l kommet i sortimentet, og brygmester Antoni Madsen har allerede planer om to mere til n\u00e6ste \u00e5r.<\/p>\n<p style=\"text-align: justify;\"><strong>St\u00f8t stigende interesse<\/strong><\/p>\n<p style=\"text-align: justify;\">&#8211; Interessen har v\u00e6ret st\u00f8rst i storbyerne og hos de unge, men nu viser tendensen ogs\u00e5, at forbrugerne putter flere \u00f8kologiske \u00f8l i indsk\u00f8bskurven, siger han.<\/p>\n<p style=\"text-align: justify;\">Hos Coop oplever de, at salget af \u00f8kologisk \u00f8l er steget over en \u00e5rr\u00e6kke, men det stiger ikke l\u00e6ngere s\u00e5 meget, som det har gjort.<\/p>\n<p style=\"text-align: justify;\"><strong>10 forskellige slags<\/strong><\/p>\n<p style=\"text-align: justify;\">Med de to nye \u00f8l n\u00e6ste \u00e5r n\u00e5r Thisted Bryghus op p\u00e5 at brygge 10 forskellige slags \u00f8kologisk \u00f8l.<\/p>\n","protected":false},"excerpt":{"rendered":"<p>Thisted Bryghus satser mere p\u00e5 \u00f8kologisk \u00f8l 08-10-2013 DR Midt &amp; Vest: Stigende interesse for \u00f8kologisk \u00f8l f\u00e5r Thisted Bryghus til at satse p\u00e5 flere \u00f8kologiske varianter. Alene i \u00e5r er tre nye \u00f8kologiske \u00f8l kommet i sortimentet, og brygmester Antoni Madsen har allerede planer om to mere til n\u00e6ste \u00e5r. St\u00f8t stigende interesse &#8211; &hellip; <a href=\"https:\/\/bryg.2th.dk\/?p=6399\" class=\"more-link\">L\u00e6s videre <span class=\"screen-reader-text\">Thisted Bryghus satser mere p\u00e5 \u00f8kologisk \u00f8l<\/span> <span class=\"meta-nav\">&rarr;<\/span><\/a><\/p>\n","protected":false},"author":2,"featured_media":0,"comment_status":"closed","ping_status":"closed","sticky":false,"template":"","format":"standard","meta":{"ngg_post_thumbnail":0,"footnotes":""},"categories":[46,58],"tags":[],"class_list":["post-6399","post","type-post","status-publish","format-standard","hentry","category-nyt","category-thisted"],"_links":{"self":[{"href":"https:\/\/bryg.2th.dk\/index.php?rest_route=\/wp\/v2\/posts\/6399","targetHints":{"allow":["GET"]}}],"collection":[{"href":"https:\/\/bryg.2th.dk\/index.php?rest_route=\/wp\/v2\/posts"}],"about":[{"href":"https:\/\/bryg.2th.dk\/index.php?rest_route=\/wp\/v2\/types\/post"}],"author":[{"embeddable":true,"href":"https:\/\/bryg.2th.dk\/index.php?rest_route=\/wp\/v2\/users\/2"}],"replies":[{"embeddable":true,"href":"https:\/\/bryg.2th.dk\/index.php?rest_route=%2Fwp%2Fv2%2Fcomments&post=6399"}],"version-history":[{"count":0,"href":"https:\/\/bryg.2th.dk\/index.php?rest_route=\/wp\/v2\/posts\/6399\/revisions"}],"wp:attachment":[{"href":"https:\/\/bryg.2th.dk\/index.php?rest_route=%2Fwp%2Fv2%2Fmedia&parent=6399"}],"wp:term":[{"taxonomy":"category","embeddable":true,"href":"https:\/\/bryg.2th.dk\/index.php?rest_route=%2Fwp%2Fv2%2Fcategories&post=6399"},{"taxonomy":"post_tag","embeddable":true,"href":"https:\/\/bryg.2th.dk\/index.php?rest_route=%2Fwp%2Fv2%2Ftags&post=6399"}],"curies":[{"name":"wp","href":"https:\/\/api.w.org\/{rel}","templated":true}]}}