{"id":6330,"date":"2010-02-14T17:22:57","date_gmt":"2010-02-14T16:22:57","guid":{"rendered":"https:\/\/brygny.2th.dk\/?p=6330"},"modified":"2025-03-08T19:30:17","modified_gmt":"2025-03-08T18:30:17","slug":"raekker-moelle-bryghus-genaabner","status":"publish","type":"post","link":"https:\/\/bryg.2th.dk\/?p=6330","title":{"rendered":"R\u00e6kker M\u00f8lle Bryghus gen\u00e5bner"},"content":{"rendered":"<h3>R\u00e6kker M\u00f8lle Bryghus gen\u00e5bner<\/h3>\n<hr>\n<p><em>14-02-2010 JV og andre skriver:<\/em><\/p>\n<p style=\"text-align: justify;\">S\u00e5 er det sikkert at R\u00e6kker M\u00f8lle bryghus gen\u00e5bner til april. Det er tyskeren Thomas Horacek, 32 \u00e5r, som har solgt sit bryggeri i Sch\u00f6nwald, Tyskland, og som har overtaget bryghuset i R\u00e6kker M\u00f8lle. Den nye ejer har ikke planer om at gen\u00e5bne restaurationen, men vil koncentrere sig om at brygge \u00f8l, n\u00e5r bryghuset p\u00e5 ny er godkendt af de veterin\u00e6re myndigheder.<\/p>\n<p style=\"text-align: justify;\">De f\u00f8rste flasker ventes klar i april, og det bliver billigere at k\u00f8be R\u00e6kker M\u00f8lle-\u00f8l, siger Thomas Horacek til Herning Folkeblad. Produktionen forventes at blive p\u00e5 20.000 flasker per m\u00e5ned, og til bladet siger han:<\/p>\n<p style=\"text-align: justify;\">\u2013 Jeg vil ikke kun v\u00e6re forsigtig med omkostninger. Jeg vil ogs\u00e5 gerne s\u00e6lge \u00f8llet til en lavere pris.<\/p>\n<p style=\"text-align: justify;\">\u2013 Jeg forst\u00e5r, at man solgte \u00f8l til 35 kroner flasken. Jeg t\u00e6nker mere 18-20 kroner. Special\u00f8llet kommer til at koste lidt mere.<\/p>\n<p style=\"text-align: justify;\">Blandt planer for stedet er etablering af en biergarden, hvor folk kan sl\u00e5 sig ned med en madkurv. Restaurationen planl\u00e6gges udlejet til bryllupper og andre selskaber.<\/p>\n<p style=\"text-align: justify;\">Thomas Horacek venter at skulle ans\u00e6tte et par medarbejdere i n\u00e6r fremtid.<\/p>\n","protected":false},"excerpt":{"rendered":"<p>R\u00e6kker M\u00f8lle Bryghus gen\u00e5bner 14-02-2010 JV og andre skriver: S\u00e5 er det sikkert at R\u00e6kker M\u00f8lle bryghus gen\u00e5bner til april. Det er tyskeren Thomas Horacek, 32 \u00e5r, som har solgt sit bryggeri i Sch\u00f6nwald, Tyskland, og som har overtaget bryghuset i R\u00e6kker M\u00f8lle. Den nye ejer har ikke planer om at gen\u00e5bne restaurationen, men vil &hellip; <a href=\"https:\/\/bryg.2th.dk\/?p=6330\" class=\"more-link\">L\u00e6s videre <span class=\"screen-reader-text\">R\u00e6kker M\u00f8lle Bryghus gen\u00e5bner<\/span> <span class=\"meta-nav\">&rarr;<\/span><\/a><\/p>\n","protected":false},"author":2,"featured_media":0,"comment_status":"closed","ping_status":"closed","sticky":false,"template":"","format":"standard","meta":{"ngg_post_thumbnail":0,"footnotes":""},"categories":[46,642],"tags":[],"class_list":["post-6330","post","type-post","status-publish","format-standard","hentry","category-nyt","category-raekker-moelle"],"_links":{"self":[{"href":"https:\/\/bryg.2th.dk\/index.php?rest_route=\/wp\/v2\/posts\/6330","targetHints":{"allow":["GET"]}}],"collection":[{"href":"https:\/\/bryg.2th.dk\/index.php?rest_route=\/wp\/v2\/posts"}],"about":[{"href":"https:\/\/bryg.2th.dk\/index.php?rest_route=\/wp\/v2\/types\/post"}],"author":[{"embeddable":true,"href":"https:\/\/bryg.2th.dk\/index.php?rest_route=\/wp\/v2\/users\/2"}],"replies":[{"embeddable":true,"href":"https:\/\/bryg.2th.dk\/index.php?rest_route=%2Fwp%2Fv2%2Fcomments&post=6330"}],"version-history":[{"count":0,"href":"https:\/\/bryg.2th.dk\/index.php?rest_route=\/wp\/v2\/posts\/6330\/revisions"}],"wp:attachment":[{"href":"https:\/\/bryg.2th.dk\/index.php?rest_route=%2Fwp%2Fv2%2Fmedia&parent=6330"}],"wp:term":[{"taxonomy":"category","embeddable":true,"href":"https:\/\/bryg.2th.dk\/index.php?rest_route=%2Fwp%2Fv2%2Fcategories&post=6330"},{"taxonomy":"post_tag","embeddable":true,"href":"https:\/\/bryg.2th.dk\/index.php?rest_route=%2Fwp%2Fv2%2Ftags&post=6330"}],"curies":[{"name":"wp","href":"https:\/\/api.w.org\/{rel}","templated":true}]}}