{"id":6312,"date":"2009-01-02T21:07:24","date_gmt":"2009-01-02T20:07:24","guid":{"rendered":"https:\/\/brygny.2th.dk\/?p=6312"},"modified":"2025-03-08T19:17:34","modified_gmt":"2025-03-08T18:17:34","slug":"utzon-oel-forsoeges-eksporteret-til-australien","status":"publish","type":"post","link":"https:\/\/bryg.2th.dk\/?p=6312","title":{"rendered":"Utzon-\u00f8l fors\u00f8ges eksporteret til Australien"},"content":{"rendered":"<h3>Utzon-\u00f8l fors\u00f8ges eksporteret til Australien<\/h3>\n<hr>\n<p><em>02-01-2009 DR Nord oplyser:<\/em><\/p>\n<p style=\"text-align: justify;\">To nye \u00f8l fra S\u00f8gaards Bryghus skal ikke alene kunne nydes i Utzon Centret p\u00e5 havnefronten i Aalborg, men ogs\u00e5 i Operahuset i Sidney.<\/p>\n<p style=\"text-align: justify;\">Det er planerne for mikrobryggeriets nye Utzon Blonde og Utzon Dark, der oprindelig er lavet til Utzon Centret.<\/p>\n<p style=\"text-align: justify;\">De to \u00f8l er blevet modtaget s\u00e5 godt, at Claus S\u00f8gaard nu vil fors\u00f8ge sig med eksport til Australien.<\/p>\n<p style=\"text-align: justify;\">&#8211; Vi g\u00e5r nu igang med at finde en australsk samarbejdspartner og arbejder p\u00e5 at f\u00e5 de n\u00f8dvendige tilladelser, siger Claus S\u00f8gaard.<\/p>\n","protected":false},"excerpt":{"rendered":"<p>Utzon-\u00f8l fors\u00f8ges eksporteret til Australien 02-01-2009 DR Nord oplyser: To nye \u00f8l fra S\u00f8gaards Bryghus skal ikke alene kunne nydes i Utzon Centret p\u00e5 havnefronten i Aalborg, men ogs\u00e5 i Operahuset i Sidney. Det er planerne for mikrobryggeriets nye Utzon Blonde og Utzon Dark, der oprindelig er lavet til Utzon Centret. De to \u00f8l er &hellip; <a href=\"https:\/\/bryg.2th.dk\/?p=6312\" class=\"more-link\">L\u00e6s videre <span class=\"screen-reader-text\">Utzon-\u00f8l fors\u00f8ges eksporteret til Australien<\/span> <span class=\"meta-nav\">&rarr;<\/span><\/a><\/p>\n","protected":false},"author":2,"featured_media":0,"comment_status":"closed","ping_status":"closed","sticky":false,"template":"","format":"standard","meta":{"ngg_post_thumbnail":0,"footnotes":""},"categories":[46],"tags":[],"class_list":["post-6312","post","type-post","status-publish","format-standard","hentry","category-nyt"],"_links":{"self":[{"href":"https:\/\/bryg.2th.dk\/index.php?rest_route=\/wp\/v2\/posts\/6312","targetHints":{"allow":["GET"]}}],"collection":[{"href":"https:\/\/bryg.2th.dk\/index.php?rest_route=\/wp\/v2\/posts"}],"about":[{"href":"https:\/\/bryg.2th.dk\/index.php?rest_route=\/wp\/v2\/types\/post"}],"author":[{"embeddable":true,"href":"https:\/\/bryg.2th.dk\/index.php?rest_route=\/wp\/v2\/users\/2"}],"replies":[{"embeddable":true,"href":"https:\/\/bryg.2th.dk\/index.php?rest_route=%2Fwp%2Fv2%2Fcomments&post=6312"}],"version-history":[{"count":0,"href":"https:\/\/bryg.2th.dk\/index.php?rest_route=\/wp\/v2\/posts\/6312\/revisions"}],"wp:attachment":[{"href":"https:\/\/bryg.2th.dk\/index.php?rest_route=%2Fwp%2Fv2%2Fmedia&parent=6312"}],"wp:term":[{"taxonomy":"category","embeddable":true,"href":"https:\/\/bryg.2th.dk\/index.php?rest_route=%2Fwp%2Fv2%2Fcategories&post=6312"},{"taxonomy":"post_tag","embeddable":true,"href":"https:\/\/bryg.2th.dk\/index.php?rest_route=%2Fwp%2Fv2%2Ftags&post=6312"}],"curies":[{"name":"wp","href":"https:\/\/api.w.org\/{rel}","templated":true}]}}